{"id":10649,"__str__":"Projeto de Lei Complementar n\u00ba 6 de 2023","link_detail_backend":"/materia/10649","metadata":{},"numero":6,"ano":2023,"numero_protocolo":null,"data_apresentacao":"2023-08-21","tipo_apresentacao":"E","data_publicacao":null,"numero_origem_externa":"","ano_origem_externa":null,"data_origem_externa":null,"apelido":"","dias_prazo":null,"data_fim_prazo":null,"em_tramitacao":false,"polemica":false,"objeto":"","complementar":true,"ementa":"Disp\u00f5e sobre a cria\u00e7\u00e3o de cargos no quadro de comissionados da Prefeitura Municipal de Ub\u00e1.","indexacao":"","observacao":"","resultado":"","texto_original":"http://sapl.uba.mg.leg.br/media/sapl/public/materialegislativa/2023/10649/plc_006-23.pdf","data_ultima_atualizacao":"2023-10-20T16:47:08.394399-03:00","ip":"143.255.167.72","ultima_edicao":"2023-08-22T08:03:29.775730-03:00","tipo":5,"regime_tramitacao":1,"tipo_origem_externa":null,"local_origem_externa":2,"user":59,"anexadas":[],"autores":[43]}