{"id":10337,"__str__":"Projeto de Lei Ordin\u00e1ria n\u00ba 52 de 2023","link_detail_backend":"/materia/10337","metadata":{},"numero":52,"ano":2023,"numero_protocolo":null,"data_apresentacao":"2023-05-02","tipo_apresentacao":"E","data_publicacao":null,"numero_origem_externa":"","ano_origem_externa":null,"data_origem_externa":"2023-05-02","apelido":"","dias_prazo":null,"data_fim_prazo":null,"em_tramitacao":false,"polemica":false,"objeto":"","complementar":false,"ementa":"Autoriza a abertura de Cr\u00e9ditos Adicionais Especiais at\u00e9 o limite de R$ 210.182,00 (Duzentos e dez mil e cento e oitenta e dois reais) no or\u00e7amento municipal de 2023, recursos provenientes da Resolu\u00e7\u00e3o SES-MG n\u00ba 7.553 e n\u00ba 7.555 destinados ao refor\u00e7o do custeio das a\u00e7\u00f5es em servi\u00e7os de Sa\u00fade para estrutura\u00e7\u00e3o da Aten\u00e7\u00e3o Prim\u00e1ria de Sa\u00fade, no \u00e2mbito da Secretaria Municipal de Sa\u00fade e d\u00e1 outras provid\u00eancias.","indexacao":"","observacao":"","resultado":"","texto_original":"http://sapl.uba.mg.leg.br/media/sapl/public/materialegislativa/2023/10337/pl_052-23.pdf","data_ultima_atualizacao":"2023-07-05T16:28:47.605450-03:00","ip":"143.255.167.72","ultima_edicao":"2023-05-03T15:44:55.818748-03:00","tipo":1,"regime_tramitacao":1,"tipo_origem_externa":null,"local_origem_externa":2,"user":42,"anexadas":[],"autores":[43]}