{"id":10257,"__str__":"Requerimento n\u00ba 84 de 2023","link_detail_backend":"/materia/10257","metadata":{},"numero":84,"ano":2023,"numero_protocolo":null,"data_apresentacao":"2023-03-20","tipo_apresentacao":"E","data_publicacao":null,"numero_origem_externa":"","ano_origem_externa":null,"data_origem_externa":null,"apelido":"","dias_prazo":null,"data_fim_prazo":null,"em_tramitacao":false,"polemica":false,"objeto":"","complementar":false,"ementa":"Convite o Secret\u00e1rio Municipal de Sa\u00fade, Dr. Ant\u00f4nio Jacob; o Coordenador da Policl\u00ednica, Sr. Raphael Ignacchiti; o Gerente da Divis\u00e3o de Planejamento e Gest\u00e3o da Sa\u00fade, Sr. Jo\u00e3o Paulo da Silva; a Coordenadora do Centro Especializado de Reabilita\u00e7\u00e3o, Sra. Let\u00edcia Giselli de Oliveira; a Coordenadora da Sa\u00fade Mental do Munic\u00edpio, Sra. Vanisse Bernardes Bedim; ao Promotor do Minist\u00e9rio P\u00fablico da Comarca de Ub\u00e1, Dr. Bruno Guerra; a Encarregada do Ambulat\u00f3rio de Sa\u00fade Mental da Policl\u00ednica, Sra. Eduarda Schittini e a Secret\u00e1ria de Administra\u00e7\u00e3o, Sra. M\u00f4nica Valone, para estarem presentes \u00e0 Audi\u00eancia P\u00fablica agendada para o dia 23 de mar\u00e7o, \u00e0s 19h, no Plen\u00e1rio desta Casa Legislativa, para discutir a implanta\u00e7\u00e3o de um CAPS Infantil, sobre o funcionamento da rede de atendimento em sa\u00fade mental municipal e sobre o Centro Especializado de Reabilita\u00e7\u00e3o (CER).","indexacao":"","observacao":"","resultado":"","texto_original":null,"data_ultima_atualizacao":"2023-04-13T23:14:43.961568-03:00","ip":"177.22.123.152","ultima_edicao":"2023-04-13T23:11:20.792834-03:00","tipo":13,"regime_tramitacao":1,"tipo_origem_externa":null,"local_origem_externa":null,"user":42,"anexadas":[],"autores":[152]}