{"id":10195,"__str__":"Projeto de Lei Ordin\u00e1ria n\u00ba 21 de 2023","link_detail_backend":"/materia/10195","metadata":{},"numero":21,"ano":2023,"numero_protocolo":null,"data_apresentacao":"2023-03-20","tipo_apresentacao":"E","data_publicacao":null,"numero_origem_externa":"","ano_origem_externa":null,"data_origem_externa":null,"apelido":"","dias_prazo":null,"data_fim_prazo":null,"em_tramitacao":false,"polemica":false,"objeto":"","complementar":false,"ementa":"Institui no \u00e2mbito do munic\u00edpio de Ub\u00e1 o m\u00eas do \"Maio Furta-Cor\", dedicado \u00e0s a\u00e7\u00f5es de conscientiza\u00e7\u00e3o e incentivo ao cuidado e promo\u00e7\u00e3o da sa\u00fade mental materna","indexacao":"","observacao":"","resultado":"","texto_original":"http://sapl.uba.mg.leg.br/media/sapl/public/materialegislativa/2023/10195/pl_021-23.pdf","data_ultima_atualizacao":"2023-05-08T13:32:50.719789-03:00","ip":"143.255.167.72","ultima_edicao":"2023-03-21T09:36:29.831947-03:00","tipo":1,"regime_tramitacao":1,"tipo_origem_externa":null,"local_origem_externa":null,"user":59,"anexadas":[],"autores":[135]}