{"id":10156,"__str__":"Projeto de Lei Ordin\u00e1ria n\u00ba 16 de 2023","link_detail_backend":"/materia/10156","metadata":{},"numero":16,"ano":2023,"numero_protocolo":null,"data_apresentacao":"2023-02-27","tipo_apresentacao":"E","data_publicacao":null,"numero_origem_externa":"","ano_origem_externa":null,"data_origem_externa":null,"apelido":"","dias_prazo":null,"data_fim_prazo":null,"em_tramitacao":false,"polemica":false,"objeto":"","complementar":false,"ementa":"Disp\u00f5e sobre a divulga\u00e7\u00e3o da presta\u00e7\u00e3o de contas mensal do Fundo de Manuten\u00e7\u00e3o e Desenvolvimento da Educa\u00e7\u00e3o B\u00e1sica e de Valoriza\u00e7\u00e3o dos Profissionais da Educa\u00e7\u00e3o (FUNDEB) no munic\u00edpio de Ub\u00e1.","indexacao":"","observacao":"","resultado":"","texto_original":"http://sapl.uba.mg.leg.br/media/sapl/public/materialegislativa/2023/10156/pl_016-23.pdf","data_ultima_atualizacao":"2023-12-05T13:47:07.161728-03:00","ip":"143.255.167.72","ultima_edicao":"2023-03-24T08:40:20.304047-03:00","tipo":1,"regime_tramitacao":1,"tipo_origem_externa":null,"local_origem_externa":null,"user":38,"anexadas":[],"autores":[140,37,139,136]}