{"id":10099,"__str__":"Projeto de Lei Ordin\u00e1ria n\u00ba 9 de 2023","link_detail_backend":"/materia/10099","metadata":{},"numero":9,"ano":2023,"numero_protocolo":null,"data_apresentacao":"2023-02-06","tipo_apresentacao":"","data_publicacao":null,"numero_origem_externa":"","ano_origem_externa":null,"data_origem_externa":null,"apelido":"","dias_prazo":null,"data_fim_prazo":null,"em_tramitacao":false,"polemica":false,"objeto":"","complementar":false,"ementa":"Revoga o inciso III do Art. 6\u00b0 e modifica o Art. 11 da Lei 4.819, de 1\u00b0 de dezembro de 2020, que disp\u00f5e sobre a contrata\u00e7\u00e3o por tempo determinado para\r\natender a necessidade tempor\u00e1ria de excepcional interesse p\u00fablico, nos termos do inciso IX do art. 37 da Constitui\u00e7\u00e3o Federal, e d\u00e1 outras provid\u00eancias.","indexacao":"","observacao":"","resultado":"","texto_original":"http://sapl.uba.mg.leg.br/media/sapl/public/materialegislativa/2023/10099/pl_9.pdf","data_ultima_atualizacao":"2023-09-27T16:55:36.454253-03:00","ip":"143.255.167.72","ultima_edicao":"2023-02-07T16:07:51.433419-03:00","tipo":1,"regime_tramitacao":1,"tipo_origem_externa":null,"local_origem_externa":null,"user":39,"anexadas":[],"autores":[39,135,137,140,38,42,37,139,138,41,136]}