{"id":8093,"__str__":"Relat\u00f3rio - Reda\u00e7\u00e3o final de 19/08/2025 por ","link_detail_backend":"/materia/documentoacessorio/8093","metadata":{},"nome":"Reda\u00e7\u00e3o final","data":"2025-08-19","autor":"","ementa":"","indexacao":"","arquivo":"http://sapl.uba.mg.leg.br/media/sapl/public/documentoacessorio/2025/8093/plc_03-25_redacao_final.pdf","data_ultima_atualizacao":"2025-08-29T12:26:16.725626-03:00","materia":12662,"tipo":18}