{"id":5342,"__str__":"Of\u00edcio - Den\u00fancia de 02/08/2022 por Vereadora Aparecida S\u00f4nia Ferreira Vidal","link_detail_backend":"/materia/documentoacessorio/5342","metadata":{},"nome":"Den\u00fancia","data":"2022-08-02","autor":"Vereadora Aparecida S\u00f4nia Ferreira Vidal","ementa":"Den\u00fancia sobre hor\u00e1rios e registros de ponto no Setor de Ambul\u00e2ncias.","indexacao":"","arquivo":"http://sapl.uba.mg.leg.br/media/sapl/public/documentoacessorio/2022/5342/documento_soninha.pdf","data_ultima_atualizacao":"2022-08-02T17:17:54.315678-03:00","materia":9740,"tipo":2}