{"id":257,"__str__":"Resposta ao Of\u00edcio - OF.VIA\u00c7\u00c3O UB\u00c1 de 02/02/2016 por Via\u00e7\u00e3o Ub\u00e1","link_detail_backend":"/materia/documentoacessorio/257","metadata":{},"nome":"OF.VIA\u00c7\u00c3O UB\u00c1","data":"2016-02-02","autor":"Via\u00e7\u00e3o Ub\u00e1","ementa":"","indexacao":"","arquivo":"http://sapl.uba.mg.leg.br/media/sapl/public/documentoacessorio/2016/257/257.pdf","data_ultima_atualizacao":"2018-10-05T09:45:23.500771-03:00","materia":441,"tipo":4}