{"id":985,"__str__":"Ata 22/2025","link_detail_backend":"/comissao/reuniao/985","metadata":{},"numero":22,"nome":"Ata 22/2025","tema":"Projeto de Lei n\u00ba 28/2025 e Reuni\u00e3o com o Secret\u00e1rio de Sa\u00fade, Paulo Vitor, e o Subsecret\u00e1rio, Jo\u00e3o Paulo","data":"2025-07-11","hora_inicio":"15:18:00","hora_fim":"17:20:00","local_reuniao":"C\u00e2mara Municipal","observacao":"","url_audio":"","url_video":"","upload_pauta":"http://sapl.uba.mg.leg.br/media/sapl/public/reuniao/985/pauta/pauta_saude_11.07.pdf","upload_ata":"http://sapl.uba.mg.leg.br/media/sapl/public/reuniao/985/ata/ata_cspd_22.pdf","upload_anexo":null,"periodo":7,"comissao":45}