{"id":1085,"__str__":"Ata 02/2026","link_detail_backend":"/comissao/reuniao/1085","metadata":{},"numero":2,"nome":"Ata 02/2026","tema":"Projeto de Lei n\u00ba 02/2026 e Projeto de Lei Complementar n\u00ba 01/2026 - Presen\u00e7a do Sec. Sa\u00fade Paulo Vitor / Projeto de Emenda a Lei Org\u00e2nica n\u00ba 01/2026","data":"2026-02-11","hora_inicio":"16:00:00","hora_fim":"17:10:00","local_reuniao":"C\u00e2mara Municipal","observacao":"","url_audio":"","url_video":"","upload_pauta":"http://sapl.uba.mg.leg.br/media/sapl/public/reuniao/1085/pauta/pauta_cljr_11.02.26.pdf","upload_ata":"http://sapl.uba.mg.leg.br/media/sapl/public/reuniao/1085/ata/ata_cljr_02.pdf","upload_anexo":null,"periodo":7,"comissao":42}